{"id":983,"date":"2020-06-21T20:03:01","date_gmt":"2020-06-21T18:03:01","guid":{"rendered":"https:\/\/www.thueringen.freidenker.org\/?p=983"},"modified":"2022-10-16T18:12:05","modified_gmt":"2022-10-16T16:12:05","slug":"gg-art-14-umsetzen","status":"publish","type":"post","link":"https:\/\/www.thueringen.freidenker.org\/index.php\/2020\/06\/21\/gg-art-14-umsetzen\/","title":{"rendered":"GG Art. 14 umsetzen"},"content":{"rendered":"<p>Wir sind der Meinung, es ist an der Zeit unser Grundgesetz \u2013 Artikel 14 umzusetzen:<\/p>\n<p>Darin wird verlangt:<\/p>\n<p>Absatz 1) Eigentum verpflichtet. Sein Gebrauch soll zugleich dem Wohle der Allgemeinheit dienen.<\/p>\n<p>Dass unsere sogenannten &#8222;Eliten&#8220; diesen\u00a0 Grundsatz erf\u00fcllen, ist nicht zu erkennen ! Deshalb ist notwendig den<\/p>\n<p>Absatz 3) Eine Enteignung ist nur zum Wohle der Allgemeinheit zul\u00e4ssig &#8230; .<\/p>\n<p>umzusetzen!<\/p>\n<p>Die reichsten Deutschen:<\/p>\n<p>Mit einem gesch\u00e4tzten Verm\u00f6gen von 34 Milliarden Euro d\u00fcrften es die BMW-Gro\u00dfaktion\u00e4re Stefan Quandt und Susanne Klatten sein, berichtete das M\u00e4nnermagazin 2015<\/p>\n<p>Zum Besitz von Mitgliedern der Quandt-Familie geh\u00f6ren aktuell unter anderem<\/p>\n<ul>\n<li>46,7 Prozent der Anteile an BMW,<\/li>\n<li>der Spezialchemiekonzern Altana,<\/li>\n<li>direkt und indirekt mehr als 40 Prozent an SGL Carbon, einem Spezialisten f\u00fcr Kohlefasern, vor allem f\u00fcr die Autoindustrie,<\/li>\n<li>rund 20 Prozent der Anteile am Windanlagenbauer Nordex,<\/li>\n<li>eine Beteiligung an der BHF-Bank<\/li>\n<li>sowie eine Reihe weiterer Beteiligungen.<\/li>\n<\/ul>\n<p>Verm\u00f6gen der 100 reichsten Deutschen stieg auf 400 Milliarden Euro.<!--more--><\/p>\n<p>F\u00fcr das Jahr 2019 war zu vermerken:<\/p>\n<p>Die Geschwister\u00a0Stefan Quandt\u00a0und\u00a0Susanne Klatten\u00a0erhalten von\u00a0BMW\u00a0in K\u00fcrze 1,12 Milliarden Euro aufs Konto. Der Autokonzern hat im vergangenen Jahr 8,7 Milliarden Euro Gewinn gemacht. Nach dem Vorschlag von Vorstand und Aufsichtsrat sollen 30 Prozent davon als Dividende an die Aktion\u00e4re ausgesch\u00fcttet werden.<\/p>\n<p>Familie Quandt verdient drei Millionen Euro \u2013 pro Tag<\/p>\n<p>Woher stammt das erebte Verm\u00f6gen:in der Studie des Historiker Joachim Scholtyseck 2001heisst es:<\/p>\n<p>Die Quandts waren vielleicht keine eifernden Ideologen, aber dennoch Teil des Naziregimes,<\/p>\n<p>Von der Aufr\u00fcstung profitierten sie ohnehin &#8211; aber sie bereicherten sich auch schamlos bei Arisierungen, initiierten diese zum Teil sogar. Sie sperrten sich nicht gegen den Einsatz von Zwangsarbeitern in ihren Fabriken, nur kurz gegen den von KZ-H\u00e4ftlingen.<br \/>\nW\u00e4hrend der Corona-Krise war von ihnen keine Hilfe zu erkennen! Im Gegenteil erwarten sie erneut hohe Millionenbetr\u00e4ge als Dividende<\/p>\n<p>Auch f\u00fcr die Zeit nach der Krise ist von\u00a0 Ihnen nichts positives zu erwarten!<\/p>\n<p>DFV Erfurt<\/p>\n<p>Helga und Hermann Pulz<\/p>\n<p>(Infos aus: Handelsblatt 21.03.19 M\u00fcnchen, Managermagazin, Spiegel online, Die Welt)<\/p>\n","protected":false},"excerpt":{"rendered":"<p>Wir sind der Meinung, es ist an der Zeit unser Grundgesetz \u2013 Artikel 14 umzusetzen: Darin wird verlangt: Absatz 1) Eigentum verpflichtet. Sein Gebrauch soll zugleich dem Wohle der Allgemeinheit dienen. Dass unsere sogenannten &#8222;Eliten&#8220; diesen\u00a0 Grundsatz erf\u00fcllen, ist nicht zu erkennen ! Deshalb ist notwendig den Absatz 3) Eine Enteignung ist nur zum Wohle [&hellip;]<\/p>\n","protected":false},"author":2,"featured_media":0,"comment_status":"closed","ping_status":"closed","sticky":false,"template":"","format":"standard","meta":{"jetpack_post_was_ever_published":false,"_jetpack_newsletter_access":"","_jetpack_dont_email_post_to_subs":false,"_jetpack_newsletter_tier_id":0,"_jetpack_memberships_contains_paywalled_content":false,"_jetpack_memberships_contains_paid_content":false,"footnotes":""},"categories":[8],"tags":[],"class_list":["post-983","post","type-post","status-publish","format-standard","hentry","category-dfv-erfurt"],"jetpack_featured_media_url":"","jetpack_shortlink":"https:\/\/wp.me\/p7cwsB-fR","jetpack-related-posts":[{"id":912,"url":"https:\/\/www.thueringen.freidenker.org\/index.php\/2019\/09\/26\/goodbye-sigmund-jaehn\/","url_meta":{"origin":983,"position":0},"title":"Goodbye, Sigmund J\u00e4hn","author":"Webredaktion DFV Jena","date":"26. September 2019","format":false,"excerpt":"Goodbye Sigmund J\u00e4hn, ich habe dich nicht (wirklich) gekannt, auch wenn ich dir bei deinem Besuch im Zeiss-Kombinat, von dem die Multispektral-Kamera f\u00fcr deine Rakete stammte, begeistert zugejubelt hatte. Vielleicht erinnerst du dich, ich stand in Reihe zehn. Der Junge mit den Pickeln, f\u00fcr den du viel mehr warst als\u2026","rel":"","context":"In &quot;Allgemeines&quot;","block_context":{"text":"Allgemeines","link":"https:\/\/www.thueringen.freidenker.org\/index.php\/category\/allgemein\/"},"img":{"alt_text":"","src":"","width":0,"height":0},"classes":[]},{"id":837,"url":"https:\/\/www.thueringen.freidenker.org\/index.php\/2019\/12\/21\/grusswort-des-kreisverbandes-der-freidenker-erfurt-und-umgebung-an-die-organisatoren-und-teilnehmer-der-aktionsberatung-in-bischofferode-am-14-und-15-12-2019\/","url_meta":{"origin":983,"position":1},"title":"Gru\u00dfwort der Erfurter Freidenker an die Aktionsberatung in Bischofferode am 14.und 15.12.2019","author":"Webredaktion DFV Erfurt","date":"21. Dezember 2019","format":false,"excerpt":"Gru\u00dfwort des Kreisverbandes der Freidenker Erfurt und Umgebung an die Organisatoren und Teilnehmer der Aktionsberatung in Bischofferode am 14.und 15.12.2019 Die letzten Bomben aus dem 2. Weltkrieg sind noch nicht gefunden und entsch\u00e4rft! Da gibt es f\u00fcr die deutsche Bundesregierung nichts Wichtigeres als die Aufr\u00fcstung, die R\u00fcstungsproduktion und die Verst\u00e4rkung\u2026","rel":"","context":"In &quot;Allgemeines&quot;","block_context":{"text":"Allgemeines","link":"https:\/\/www.thueringen.freidenker.org\/index.php\/category\/allgemein\/"},"img":{"alt_text":"","src":"","width":0,"height":0},"classes":[]},{"id":2213,"url":"https:\/\/www.thueringen.freidenker.org\/index.php\/2025\/04\/22\/8-mai-tag-der-befreiung-vom-hitlerfaschismus-2\/","url_meta":{"origin":983,"position":2},"title":"8.Mai Tag der Befreiung vom Hitlerfaschismus","author":"Webredaktion","date":"22. April 2025","format":false,"excerpt":"\u00a0\u00a0\u00a0\u00a0\u00a0\u00a0\u00a0\u00a0\u00a0\u00a0\u00a0\u00a0\u00a0\u00a0\u00a0\u00a0\u00a0\u00a0\u00a0\u00a0\u00a0\u00a0\u00a0\u00a0\u00a0\u00a0\u00a0\u00a0\u00a0\u00a0\u00a0\u00a0\u00a0\u00a0\u00a0\u00a0\u00a0\u00a0\u00a0\u00a0\u00a0\u00a0\u00a0 \u00a0\u00a0\u00a0\u00a0\u00a0\u00a0\u00a0\u00a0\u00a0\u00a0\u00a0\u00a0\u00a0\u00a0\u00a0\u00a0\u00a0\u00a0 DFV\u00a0 Kreisverband Greiz \u00a0 Kranzniederlegung zum 80.Jahrestag der Befreiung vom Faschismus Die Befreiung vom Faschismus durch die Alliierten der Anti-Hitler-Koalition und die Kr\u00e4fte der internationalen Widerstands\u00adorganisationen j\u00e4hrt sich am 8.5.2025 zum 80. Mal. Millionenfacher Mord und Terror fanden ein Ende. Um die Wiederholung der faschistischen Barbarei zu verhindern,\u2026","rel":"","context":"In &quot;Aktuelles&quot;","block_context":{"text":"Aktuelles","link":"https:\/\/www.thueringen.freidenker.org\/index.php\/category\/aktuelles\/"},"img":{"alt_text":"","src":"","width":0,"height":0},"classes":[]},{"id":860,"url":"https:\/\/www.thueringen.freidenker.org\/index.php\/2020\/01\/16\/860\/","url_meta":{"origin":983,"position":3},"title":"Aufruf an alle Fraktionen des Stadtrates Zella-Mehlis","author":"Webredaktion DFV Erfurt","date":"16. Januar 2020","format":false,"excerpt":"Zur Verurteilung der milit\u00e4rischen Provokation durch das gr\u00f6\u00dfte Man\u00f6ver seit der Wende an den Grenzen zu Russland Die letzten Bomben aus dem 2. Weltkrieg sind noch nicht gefunden und entsch\u00e4rft! Da gibt es f\u00fcr die deutsche Bundesregierung nichts Wichtigeres als die Aufr\u00fcstung, die R\u00fcstungsproduktion und die Verst\u00e4rkung der\u00a0Auslandseins\u00e4tze! Wir erleben\u2026","rel":"","context":"In &quot;DFV Erfurt&quot;","block_context":{"text":"DFV Erfurt","link":"https:\/\/www.thueringen.freidenker.org\/index.php\/category\/dfv-thueringen\/dfv-erfurt\/"},"img":{"alt_text":"","src":"","width":0,"height":0},"classes":[]},{"id":1086,"url":"https:\/\/www.thueringen.freidenker.org\/index.php\/2021\/05\/07\/corona-tribunal\/","url_meta":{"origin":983,"position":4},"title":"Corona-Tribunal","author":"Webredaktion DFV Erfurt","date":"7. Mai 2021","format":false,"excerpt":"Bezogen auf die Aussage im Artikel von Klaus Hartmann vom 21.04.2021 \u201cSchaut man sich das monatelange Schauspiel des Corona-Kabaretts an, dr\u00e4ngt sich der Gedanke auf: Die eigentliche Gefahr ist diese Truppe, sie m\u00fcsste ausgebremst, ihr m\u00fcsste das Handwerk gelegt werden.\u201c Im Zusammenhang mit den vielf\u00e4ltigen und ungeheuerlichen Verletzungen des Grundgesetzes\u2026","rel":"","context":"In &quot;DFV Erfurt&quot;","block_context":{"text":"DFV Erfurt","link":"https:\/\/www.thueringen.freidenker.org\/index.php\/category\/dfv-thueringen\/dfv-erfurt\/"},"img":{"alt_text":"","src":"","width":0,"height":0},"classes":[]},{"id":1689,"url":"https:\/\/www.thueringen.freidenker.org\/index.php\/2023\/09\/14\/internationales-antifaschistisches-riesengebirgstreffen-vom-01-09-03-09-2023-in-trutnov-mala-upa\/","url_meta":{"origin":983,"position":5},"title":"Internationales Antifaschistisches Riesengebirgstreffen vom 01.09. \u2013 03.09.2023 in Trutnov &#8211; Mala Upa","author":"Webredaktion DFV Greiz","date":"14. September 2023","format":false,"excerpt":"Auch in diesem Jahr trafen sich Friedensfreunde aus mehreren L\u00e4ndern in Trutnov- Mala Upa, um an die internationale proletarische Solidarit\u00e4t und Zusammenarbeit zu erinnern. Nat\u00fcrlich waren auch Freidenker wieder dabei. Im September 1922 trafen sich erstmals tschechische und deutsche Kommunisten, um gemeinsam \u00fcber den Kampf gegen kapitalistische Ausbeutung und die\u2026","rel":"","context":"In &quot;Archiv&quot;","block_context":{"text":"Archiv","link":"https:\/\/www.thueringen.freidenker.org\/index.php\/category\/dfv-thueringen\/archiv\/"},"img":{"alt_text":"","src":"https:\/\/i0.wp.com\/www.thueringen.freidenker.org\/cms\/wp-content\/uploads\/2023\/09\/P1200561b-300x225.jpg?resize=350%2C200&ssl=1","width":350,"height":200},"classes":[]}],"jetpack_sharing_enabled":true,"_links":{"self":[{"href":"https:\/\/www.thueringen.freidenker.org\/index.php\/wp-json\/wp\/v2\/posts\/983","targetHints":{"allow":["GET"]}}],"collection":[{"href":"https:\/\/www.thueringen.freidenker.org\/index.php\/wp-json\/wp\/v2\/posts"}],"about":[{"href":"https:\/\/www.thueringen.freidenker.org\/index.php\/wp-json\/wp\/v2\/types\/post"}],"author":[{"embeddable":true,"href":"https:\/\/www.thueringen.freidenker.org\/index.php\/wp-json\/wp\/v2\/users\/2"}],"replies":[{"embeddable":true,"href":"https:\/\/www.thueringen.freidenker.org\/index.php\/wp-json\/wp\/v2\/comments?post=983"}],"version-history":[{"count":4,"href":"https:\/\/www.thueringen.freidenker.org\/index.php\/wp-json\/wp\/v2\/posts\/983\/revisions"}],"predecessor-version":[{"id":1333,"href":"https:\/\/www.thueringen.freidenker.org\/index.php\/wp-json\/wp\/v2\/posts\/983\/revisions\/1333"}],"wp:attachment":[{"href":"https:\/\/www.thueringen.freidenker.org\/index.php\/wp-json\/wp\/v2\/media?parent=983"}],"wp:term":[{"taxonomy":"category","embeddable":true,"href":"https:\/\/www.thueringen.freidenker.org\/index.php\/wp-json\/wp\/v2\/categories?post=983"},{"taxonomy":"post_tag","embeddable":true,"href":"https:\/\/www.thueringen.freidenker.org\/index.php\/wp-json\/wp\/v2\/tags?post=983"}],"curies":[{"name":"wp","href":"https:\/\/api.w.org\/{rel}","templated":true}]}}