{"id":2372,"date":"2026-04-28T20:21:47","date_gmt":"2026-04-28T18:21:47","guid":{"rendered":"https:\/\/www.thueringen.freidenker.org\/?p=2372"},"modified":"2026-04-28T20:21:47","modified_gmt":"2026-04-28T18:21:47","slug":"konferenz-2026","status":"publish","type":"post","link":"https:\/\/www.thueringen.freidenker.org\/index.php\/2026\/04\/28\/konferenz-2026\/","title":{"rendered":"Konferenz 2026"},"content":{"rendered":"<p>EINLADUNG<\/p>\n<p>Der Landesverband Th\u00fcringen des Deutschen Freidenker Verbandes l\u00e4dt zu einer Vortragsveranstaltung ein.<\/p>\n<p><strong>Thema : 80 Jahre Gr\u00fcndung der SED \u2013 70 Jahre Verbot der KPD in der BRD<\/strong><\/p>\n<p>Referenten :<\/p>\n<p>&#8211; Dr. Steffen Kachel: Zur Geschichte der SPD und KPD in Th\u00fcringen und ihre Lehre f\u00fcr heute<br \/>\n&#8211; Thomas Loch:\u00a0 Gr\u00fcndung der SED und ihre Bedeutung<br \/>\n&#8211; Ralph Dobrawa: KPD \u2013 Verbot in der BRD<\/p>\n<p><strong>Datum : 15. M\u00c4RZ 2026<\/strong><\/p>\n<p>Zeit : Einlass \u2013 11.00 Uhr , Beginn 11.30 Uhr<\/p>\n<p>Ort : 99086 Erfurt, Ro\u00dflauer Stra\u00dfe 01, Gastst\u00e4tte \u201e Dahlie &#8220;<\/p>\n<p>Alle Mitglieder, Sympathisanten und Interessenten sind herzlich eingeladen !<\/p>\n<p>Mit herzlichen Gr\u00fc\u00dfen<\/p>\n<p>Heike Cienskowski<\/p>\n<p>Vorsitzende des Landesverbandes Th\u00fcringen des Deutschen Freidenker Verbandes<\/p>\n<p>&#8212;&#8212;-<\/p>\n<p>Der Landesverband Th\u00fcringen des Deutschen Freidenker Verbandes organisiert j\u00e4hrlich eine Konferenz zu aktuellen Themen, die immer in anderen St\u00e4dten durchgef\u00fchrt werden .<\/p>\n<p>In diesem Jahr f\u00fchren wir unsere Konferenz in Gera anl\u00e4sslich des 80 . Jahrestages des Sieg \u00fcber den Hitlerfaschismus in Gera durch.<\/p>\n<p>&nbsp;<\/p>\n<p>&#8220; 80 Jahre Sieg \u00fcber den Hitlerfaschismus &#8211; was kam danach &#8220;<\/p>\n<p>&nbsp;<\/p>\n<p>Ort\u00a0 :\u00a0 0365 Gera ,\u00a0 Seniorenresidenz &#8220; Marktkarre &#8220;<\/p>\n<p>Datum : 27.09.2025<\/p>\n<p>Beginn : 11.00 Uhr<\/p>\n<p>Ende\u00a0 : gegen 15.00 Uhr<\/p>\n<p>Themen :<\/p>\n<p>&#8211; Der Zweite Weltkrieg<\/p>\n<p>&#8211; Konferenz von Jalta von 04. 02. 1945 &#8211; 11.02.1945<\/p>\n<p>-Potsdamer Abkommen 17.07.1945 &#8211; 02.08.1945<\/p>\n<p>&#8211;\u00a0 Gr\u00fcndung der Nato und des Warschauer Vertrages<\/p>\n<p>&#8211; 2 + 4- Vertrag &#8211; wer h\u00e4lt sich daran<\/p>\n<p>Zeit f\u00fcr Diskussion ist eingeplant .<\/p>\n<p>&nbsp;<\/p>\n<p>Viele Interessierte sind herzlich eingeladen !!!<\/p>\n<p>&nbsp;<\/p>\n<p>Heike Cienskowski\u00a0 &#8211; Vorsitzende des Landesverbandes Th\u00fcringen des Deutschen Freidenker Verbandes<\/p>\n<p>&nbsp;<\/p>\n<p>&nbsp;<\/p>\n<p>&nbsp;<\/p>\n<p>&nbsp;<\/p>\n<p>&nbsp;<\/p>\n<p>&nbsp;<\/p>\n<p>&nbsp;<\/p>\n<p>&nbsp;<\/p>\n<p>&nbsp;<\/p>\n<p>&nbsp;<\/p>\n<p>&nbsp;<\/p>\n","protected":false},"excerpt":{"rendered":"<p>EINLADUNG Der Landesverband Th\u00fcringen des Deutschen Freidenker Verbandes l\u00e4dt zu einer Vortragsveranstaltung ein. Thema : 80 Jahre Gr\u00fcndung der SED \u2013 70 Jahre Verbot der KPD in der BRD Referenten : &#8211; Dr. Steffen Kachel: Zur Geschichte der SPD und KPD in Th\u00fcringen und ihre Lehre f\u00fcr heute &#8211; Thomas Loch:\u00a0 Gr\u00fcndung der SED und [&hellip;]<\/p>\n","protected":false},"author":6,"featured_media":0,"comment_status":"closed","ping_status":"closed","sticky":false,"template":"","format":"standard","meta":{"jetpack_post_was_ever_published":false,"_jetpack_newsletter_access":"","_jetpack_dont_email_post_to_subs":false,"_jetpack_newsletter_tier_id":0,"_jetpack_memberships_contains_paywalled_content":false,"_jetpack_memberships_contains_paid_content":false,"footnotes":""},"categories":[17],"tags":[],"class_list":["post-2372","post","type-post","status-publish","format-standard","hentry","category-archiv"],"jetpack_featured_media_url":"","jetpack_shortlink":"https:\/\/wp.me\/p7cwsB-Cg","jetpack-related-posts":[{"id":2303,"url":"https:\/\/www.thueringen.freidenker.org\/index.php\/2025\/10\/19\/konferenz-des-landesverbandes-thueringen-des-deutschen-freidenker-verbandes-am-27-09-2025\/","url_meta":{"origin":2372,"position":0},"title":"Konferenz des Landesverbandes Th\u00fcringen des Deutschen Freidenker Verbandes am 27.09.2025","author":"Webredaktion","date":"19. Oktober 2025","format":false,"excerpt":"Die Konferenz wurde , wie geplant, am 27.09.2025 unter der \u00dcberschrift \" 80 Jahre Sieg \u00fcber den Hitlerfaschismus - was kam danach \" durchgef\u00fchrt . Es nahmen B\u00fcrger , die unterschiedlichen Parteien und Organisationen angeh\u00f6ren , sowie B\u00fcrger, die keiner Partei oder Organisation angeh\u00f6ren teil. Das einleitende Referat zum Thema\u2026","rel":"","context":"In &quot;Aktuelles&quot;","block_context":{"text":"Aktuelles","link":"https:\/\/www.thueringen.freidenker.org\/index.php\/category\/aktuelles\/"},"img":{"alt_text":"","src":"https:\/\/i0.wp.com\/www.thueringen.freidenker.org\/cms\/wp-content\/uploads\/2025\/10\/5e505077-ca1c-46ec-bb2e-07c2d89cd1b81-300x225.jpg?resize=350%2C200&ssl=1","width":350,"height":200},"classes":[]},{"id":2364,"url":"https:\/\/www.thueringen.freidenker.org\/index.php\/2026\/04\/28\/unternehmen-barbarosssa\/","url_meta":{"origin":2372,"position":1},"title":"Unternehmen Barbarosssa","author":"Webredaktion","date":"28. April 2026","format":false,"excerpt":"Mit dem wortbr\u00fcchigen , r\u00e4uberischen \u00dcberfall auf die Sowjetunion am 22. Juni 1941- getarnt als \u201e Unternehmen Barbarossa \u201e erreichte die faschistische Aggression ihren Gipfelpunkt. Dieser Krieg war von Anfang an als Vernichtungskrieg geplant und forderte mindestens 27 Millionen Menschenleben auf der Seite der Verteidiger ihrer Heimat , der Sowjetunion\u2026","rel":"","context":"In &quot;Aktuelles&quot;","block_context":{"text":"Aktuelles","link":"https:\/\/www.thueringen.freidenker.org\/index.php\/category\/aktuelles\/"},"img":{"alt_text":"","src":"https:\/\/i0.wp.com\/www.thueringen.freidenker.org\/cms\/wp-content\/uploads\/2026\/04\/Screenshot_20260428-1922502-194x300.jpg?resize=350%2C200&ssl=1","width":350,"height":200},"classes":[]},{"id":295,"url":"https:\/\/www.thueringen.freidenker.org\/index.php\/2016\/02\/03\/mal-was-frischer-und-aktuelles\/","url_meta":{"origin":2372,"position":2},"title":"Herzlich willkommen","author":"Webmaster","date":"3. Februar 2016","format":false,"excerpt":"Herzlich willkommen auf der neuen Webseite des Deutschen Freidenker-Verbandes, Landesverband Th\u00fcringen. Wir halten Sie hier auf unserer Webseite Aktuelles bald mit aktuellen Informationen auf dem Laufenden. Bei Fragen, Hinweisen oder Kritik schreiben Sie uns bitte eine E-Mail an dfv-thueringen@freidenker.org. Sehen Sie irgendwo auf unserer Webseite technische Fehler, dann schreiben Sie\u2026","rel":"","context":"In &quot;Allgemeines&quot;","block_context":{"text":"Allgemeines","link":"https:\/\/www.thueringen.freidenker.org\/index.php\/category\/allgemein\/"},"img":{"alt_text":"","src":"","width":0,"height":0},"classes":[]},{"id":2266,"url":"https:\/\/www.thueringen.freidenker.org\/index.php\/2025\/07\/09\/gedenken-magnus-poser\/","url_meta":{"origin":2372,"position":3},"title":"Gedenken Magnus Poser","author":"Webredaktion","date":"9. Juli 2025","format":false,"excerpt":"Anl\u00e4sslich des 81. Todestages des Kommunisten und Antifaschisten Magnus Poser \u00a0 findet am\u00a0 27.Juli 2025 um 14.00 Uhr auf den Jenaer Nordfriedhof an dem Grab von Magnus Poser eine Gedenkfeier statt . Dazu l\u00e4dt der Deutsche Freidenker Verband Th\u00fcringen recht herzlich ein . Die Gedenkfeier wird von der KPD, dem\u2026","rel":"","context":"In &quot;Allgemeines&quot;","block_context":{"text":"Allgemeines","link":"https:\/\/www.thueringen.freidenker.org\/index.php\/category\/allgemein\/"},"img":{"alt_text":"","src":"https:\/\/i0.wp.com\/www.thueringen.freidenker.org\/cms\/wp-content\/uploads\/2025\/07\/image-223x300.png?resize=350%2C200&ssl=1","width":350,"height":200},"classes":[]},{"id":1678,"url":"https:\/\/www.thueringen.freidenker.org\/index.php\/2023\/09\/14\/ernst-thaelmann-gedenken-in-weimar-und-buchenwald\/","url_meta":{"origin":2372,"position":4},"title":"Ernst Th\u00e4lmann \u2013 Gedenken in Weimar und Buchenwald","author":"Webredaktion DFV Greiz","date":"14. September 2023","format":false,"excerpt":"Am 18.August 2023 trafen sich 11.00 Uhr Genossinnen und Genossen des Deutschen Freidenker Verbandes , der KPD, der DKP, der KPF, des RFB und weitere Th\u00e4lmann-Freunde am Ernst Th\u00e4lmann- Denkmal in Weimar um an den bestialischen und hinterh\u00e4ltigen Mord an dem Genossen Ernst Th\u00e4lmann , ver\u00fcbt durch faschistische M\u00f6rder, zu\u2026","rel":"","context":"In &quot;Archiv&quot;","block_context":{"text":"Archiv","link":"https:\/\/www.thueringen.freidenker.org\/index.php\/category\/dfv-thueringen\/archiv\/"},"img":{"alt_text":"","src":"https:\/\/i0.wp.com\/www.thueringen.freidenker.org\/cms\/wp-content\/uploads\/2023\/09\/IMG-20230818-WA0006c-300x225.jpg?resize=350%2C200&ssl=1","width":350,"height":200},"classes":[]},{"id":2225,"url":"https:\/\/www.thueringen.freidenker.org\/index.php\/2025\/05\/11\/gedenkfeier-zum-80-jahrestag-der-befreiung-vom-hitlerfaschismus-durch-die-rote-armee-und-der-westlichen-alliierten\/","url_meta":{"origin":2372,"position":5},"title":"Gedenkfeier zum 80. Jahrestag der Befreiung vom Hitlerfaschismus durch die Rote Armee und der westlichen Alliierten","author":"Webredaktion","date":"11. Mai 2025","format":false,"excerpt":"Der Kreisverband Greiz des Deutschen Freidenker Verbandes f\u00fchrte am 08.Mai 2025\u00a0 eine Gedenkfeier anl\u00e4sslich des 80. Jahrestages der Befreiung vom Hitlerfaschismus auf dem alten Friedhof am Obelisk durch. Eingeladen waren der Greizer B\u00fcrgermeister, Vertreter des Generalkonsulates der USA , der Ministerpr\u00e4sident von Th\u00fcringen .Alle Drei lie\u00dfen sich entschuldigen. Der Landrat\u2026","rel":"","context":"In &quot;Aktuelles&quot;","block_context":{"text":"Aktuelles","link":"https:\/\/www.thueringen.freidenker.org\/index.php\/category\/aktuelles\/"},"img":{"alt_text":"","src":"https:\/\/i0.wp.com\/www.thueringen.freidenker.org\/cms\/wp-content\/uploads\/2025\/05\/IMG-20250511-WA0001-300x169.jpg?resize=350%2C200&ssl=1","width":350,"height":200},"classes":[]}],"jetpack_sharing_enabled":true,"_links":{"self":[{"href":"https:\/\/www.thueringen.freidenker.org\/index.php\/wp-json\/wp\/v2\/posts\/2372","targetHints":{"allow":["GET"]}}],"collection":[{"href":"https:\/\/www.thueringen.freidenker.org\/index.php\/wp-json\/wp\/v2\/posts"}],"about":[{"href":"https:\/\/www.thueringen.freidenker.org\/index.php\/wp-json\/wp\/v2\/types\/post"}],"author":[{"embeddable":true,"href":"https:\/\/www.thueringen.freidenker.org\/index.php\/wp-json\/wp\/v2\/users\/6"}],"replies":[{"embeddable":true,"href":"https:\/\/www.thueringen.freidenker.org\/index.php\/wp-json\/wp\/v2\/comments?post=2372"}],"version-history":[{"count":1,"href":"https:\/\/www.thueringen.freidenker.org\/index.php\/wp-json\/wp\/v2\/posts\/2372\/revisions"}],"predecessor-version":[{"id":2373,"href":"https:\/\/www.thueringen.freidenker.org\/index.php\/wp-json\/wp\/v2\/posts\/2372\/revisions\/2373"}],"wp:attachment":[{"href":"https:\/\/www.thueringen.freidenker.org\/index.php\/wp-json\/wp\/v2\/media?parent=2372"}],"wp:term":[{"taxonomy":"category","embeddable":true,"href":"https:\/\/www.thueringen.freidenker.org\/index.php\/wp-json\/wp\/v2\/categories?post=2372"},{"taxonomy":"post_tag","embeddable":true,"href":"https:\/\/www.thueringen.freidenker.org\/index.php\/wp-json\/wp\/v2\/tags?post=2372"}],"curies":[{"name":"wp","href":"https:\/\/api.w.org\/{rel}","templated":true}]}}