{"id":2370,"date":"2026-04-28T20:16:37","date_gmt":"2026-04-28T18:16:37","guid":{"rendered":"https:\/\/www.thueringen.freidenker.org\/?p=2370"},"modified":"2026-04-28T20:16:37","modified_gmt":"2026-04-28T18:16:37","slug":"2370","status":"publish","type":"post","link":"https:\/\/www.thueringen.freidenker.org\/index.php\/2026\/04\/28\/2370\/","title":{"rendered":""},"content":{"rendered":"<p><img data-recalc-dims=\"1\" loading=\"lazy\" decoding=\"async\" data-attachment-id=\"2348\" data-permalink=\"https:\/\/www.thueringen.freidenker.org\/index.php\/startseite\/buchenwald2026\/\" data-orig-file=\"https:\/\/i0.wp.com\/www.thueringen.freidenker.org\/cms\/wp-content\/uploads\/2026\/03\/buchenwald2026.jpg?fit=688%2C900&amp;ssl=1\" data-orig-size=\"688,900\" data-comments-opened=\"0\" data-image-meta=\"{&quot;aperture&quot;:&quot;0&quot;,&quot;credit&quot;:&quot;Nutzer&quot;,&quot;camera&quot;:&quot;&quot;,&quot;caption&quot;:&quot;&quot;,&quot;created_timestamp&quot;:&quot;1774560211&quot;,&quot;copyright&quot;:&quot;&quot;,&quot;focal_length&quot;:&quot;0&quot;,&quot;iso&quot;:&quot;0&quot;,&quot;shutter_speed&quot;:&quot;0&quot;,&quot;title&quot;:&quot;&quot;,&quot;orientation&quot;:&quot;0&quot;}\" data-image-title=\"buchenwald2026\" data-image-description=\"\" data-image-caption=\"\" data-large-file=\"https:\/\/i0.wp.com\/www.thueringen.freidenker.org\/cms\/wp-content\/uploads\/2026\/03\/buchenwald2026.jpg?fit=688%2C900&amp;ssl=1\" class=\"alignnone size-full wp-image-2348\" src=\"https:\/\/i0.wp.com\/www.thueringen.freidenker.org\/cms\/wp-content\/uploads\/2026\/03\/buchenwald2026.jpg?resize=688%2C900&#038;ssl=1\" alt=\"\" width=\"688\" height=\"900\" srcset=\"https:\/\/i0.wp.com\/www.thueringen.freidenker.org\/cms\/wp-content\/uploads\/2026\/03\/buchenwald2026.jpg?w=688&amp;ssl=1 688w, https:\/\/i0.wp.com\/www.thueringen.freidenker.org\/cms\/wp-content\/uploads\/2026\/03\/buchenwald2026.jpg?resize=229%2C300&amp;ssl=1 229w\" sizes=\"auto, (max-width: 688px) 100vw, 688px\" \/><\/p>\n","protected":false},"excerpt":{"rendered":"","protected":false},"author":6,"featured_media":0,"comment_status":"closed","ping_status":"closed","sticky":false,"template":"","format":"standard","meta":{"jetpack_post_was_ever_published":false,"_jetpack_newsletter_access":"","_jetpack_dont_email_post_to_subs":false,"_jetpack_newsletter_tier_id":0,"_jetpack_memberships_contains_paywalled_content":false,"_jetpack_memberships_contains_paid_content":false,"footnotes":""},"categories":[17,6],"tags":[],"class_list":["post-2370","post","type-post","status-publish","format-standard","hentry","category-archiv","category-dfv-thueringen"],"jetpack_featured_media_url":"","jetpack_shortlink":"https:\/\/wp.me\/s7cwsB-2370","jetpack-related-posts":[{"id":2364,"url":"https:\/\/www.thueringen.freidenker.org\/index.php\/2026\/04\/28\/unternehmen-barbarosssa\/","url_meta":{"origin":2370,"position":0},"title":"Unternehmen Barbarosssa","author":"Webredaktion","date":"28. April 2026","format":false,"excerpt":"Mit dem wortbr\u00fcchigen , r\u00e4uberischen \u00dcberfall auf die Sowjetunion am 22. Juni 1941- getarnt als \u201e Unternehmen Barbarossa \u201e erreichte die faschistische Aggression ihren Gipfelpunkt. Dieser Krieg war von Anfang an als Vernichtungskrieg geplant und forderte mindestens 27 Millionen Menschenleben auf der Seite der Verteidiger ihrer Heimat , der Sowjetunion\u2026","rel":"","context":"In &quot;Aktuelles&quot;","block_context":{"text":"Aktuelles","link":"https:\/\/www.thueringen.freidenker.org\/index.php\/category\/aktuelles\/"},"img":{"alt_text":"","src":"https:\/\/i0.wp.com\/www.thueringen.freidenker.org\/cms\/wp-content\/uploads\/2026\/04\/Screenshot_20260428-1922502-194x300.jpg?resize=350%2C200&ssl=1","width":350,"height":200},"classes":[]},{"id":1703,"url":"https:\/\/www.thueringen.freidenker.org\/index.php\/2023\/09\/14\/militaer-gegen-die-arbeiterregierung-in-thueringen-und-sachsen-100-jahre-reichsexekution-2\/","url_meta":{"origin":2370,"position":1},"title":"Milit\u00e4r gegen die Arbeiterregierung in Th\u00fcringen und Sachsen &#8211; 100 Jahre Reichsexekution","author":"Webredaktion DFV Greiz","date":"14. September 2023","format":false,"excerpt":"","rel":"","context":"In &quot;Archiv&quot;","block_context":{"text":"Archiv","link":"https:\/\/www.thueringen.freidenker.org\/index.php\/category\/dfv-thueringen\/archiv\/"},"img":{"alt_text":"","src":"https:\/\/i0.wp.com\/www.thueringen.freidenker.org\/cms\/wp-content\/uploads\/2023\/09\/militaer_gegen_arbeiterregierung-233x300.jpg?resize=350%2C200&ssl=1","width":350,"height":200},"classes":[]},{"id":1261,"url":"https:\/\/www.thueringen.freidenker.org\/index.php\/2022\/08\/11\/wissen-glauben-leben\/","url_meta":{"origin":2370,"position":2},"title":"Wissen, Glauben, Leben","author":"Webredaktion DFV Greiz","date":"11. August 2022","format":false,"excerpt":"Ort: Galerie Stadtteilb\u00fcro Jena-Lobeda Karl-Marx-Allee 14, 07747 Jena Zeit: Sonnabend, 17.9.2022, 10 \u2013 16 Uhr Was k\u00f6nnen wir wissen, was sollen wir glauben, was d\u00fcrfen wir hoffen? \u2013 Was ist der Mensch? T\u00e4glich begegnen uns diese Kant'schen Fragen, verlangen nach ehrlicher Antwort und sind Voraussetzung f\u00fcr unser Handeln. Wir wollen\u2026","rel":"","context":"In &quot;Archiv&quot;","block_context":{"text":"Archiv","link":"https:\/\/www.thueringen.freidenker.org\/index.php\/category\/dfv-thueringen\/archiv\/"},"img":{"alt_text":"","src":"","width":0,"height":0},"classes":[]},{"id":891,"url":"https:\/\/www.thueringen.freidenker.org\/index.php\/2020\/03\/04\/gratulation-an-mr-ramelow\/","url_meta":{"origin":2370,"position":3},"title":"Gratulation an MR Ramelow","author":"Webredaktion DFV Erfurt","date":"4. M\u00e4rz 2020","format":false,"excerpt":"Sehr geehrter Herr Ministerpr\u00e4sident, heute wurden Sie, der erfolgreiche und beliebte Bodo Ramelow verdienter Weise erneut zum Ministerpr\u00e4sidenten gew\u00e4hlt! Damit endet f\u00fcr Th\u00fcringen eine negative Phase in der politischen Entwicklung, die unserem Land geschadet hat! Begriffe wie politisch Krise, Eklat, Wahldebakel u.a. gingen durch alle Medien. Dazu haben Sie in\u2026","rel":"","context":"In &quot;Archiv&quot;","block_context":{"text":"Archiv","link":"https:\/\/www.thueringen.freidenker.org\/index.php\/category\/dfv-thueringen\/archiv\/"},"img":{"alt_text":"","src":"","width":0,"height":0},"classes":[]},{"id":2372,"url":"https:\/\/www.thueringen.freidenker.org\/index.php\/2026\/04\/28\/konferenz-2026\/","url_meta":{"origin":2370,"position":4},"title":"Konferenz 2026","author":"Webredaktion","date":"28. April 2026","format":false,"excerpt":"EINLADUNG Der Landesverband Th\u00fcringen des Deutschen Freidenker Verbandes l\u00e4dt zu einer Vortragsveranstaltung ein. Thema : 80 Jahre Gr\u00fcndung der SED \u2013 70 Jahre Verbot der KPD in der BRD Referenten : - Dr. Steffen Kachel: Zur Geschichte der SPD und KPD in Th\u00fcringen und ihre Lehre f\u00fcr heute - Thomas\u2026","rel":"","context":"In &quot;Archiv&quot;","block_context":{"text":"Archiv","link":"https:\/\/www.thueringen.freidenker.org\/index.php\/category\/dfv-thueringen\/archiv\/"},"img":{"alt_text":"","src":"","width":0,"height":0},"classes":[]},{"id":1626,"url":"https:\/\/www.thueringen.freidenker.org\/index.php\/2023\/07\/18\/militaer-gegen-die-arbeiterregierung-in-thueringen-und-sachsen-100-jahre-reichsexekution\/","url_meta":{"origin":2370,"position":5},"title":"Milit\u00e4r gegen die Arbeiterregierung in Th\u00fcringen und Sachsen &#8211; 100 Jahre Reichsexekution","author":"Webredaktion DFV Greiz","date":"18. Juli 2023","format":false,"excerpt":"Einladung zur Tagung Milit\u00e4r gegen die Arbeiterregierung in Th\u00fcringen und Sachsen 100 Jahre Reichsexekution Ort: Jugend- und Kulturzentrum mon ami, Goetheplatz 11, 99423 Weimar Zeit: Sonnabend, 30.9.2022, 11 \u2013 14 Uhr Gesellschaftliche Verwerfungen bilden den Kern kapitalistischen Wirt\u00adschaf\u00adtens. Die damit verbundenen Auseinandersetzungen f\u00fchren regelm\u00e4\u00dfig vom hinterh\u00e4ltigen Verrat zu offenen und\u2026","rel":"","context":"In &quot;Archiv&quot;","block_context":{"text":"Archiv","link":"https:\/\/www.thueringen.freidenker.org\/index.php\/category\/dfv-thueringen\/archiv\/"},"img":{"alt_text":"","src":"","width":0,"height":0},"classes":[]}],"jetpack_sharing_enabled":true,"_links":{"self":[{"href":"https:\/\/www.thueringen.freidenker.org\/index.php\/wp-json\/wp\/v2\/posts\/2370","targetHints":{"allow":["GET"]}}],"collection":[{"href":"https:\/\/www.thueringen.freidenker.org\/index.php\/wp-json\/wp\/v2\/posts"}],"about":[{"href":"https:\/\/www.thueringen.freidenker.org\/index.php\/wp-json\/wp\/v2\/types\/post"}],"author":[{"embeddable":true,"href":"https:\/\/www.thueringen.freidenker.org\/index.php\/wp-json\/wp\/v2\/users\/6"}],"replies":[{"embeddable":true,"href":"https:\/\/www.thueringen.freidenker.org\/index.php\/wp-json\/wp\/v2\/comments?post=2370"}],"version-history":[{"count":1,"href":"https:\/\/www.thueringen.freidenker.org\/index.php\/wp-json\/wp\/v2\/posts\/2370\/revisions"}],"predecessor-version":[{"id":2371,"href":"https:\/\/www.thueringen.freidenker.org\/index.php\/wp-json\/wp\/v2\/posts\/2370\/revisions\/2371"}],"wp:attachment":[{"href":"https:\/\/www.thueringen.freidenker.org\/index.php\/wp-json\/wp\/v2\/media?parent=2370"}],"wp:term":[{"taxonomy":"category","embeddable":true,"href":"https:\/\/www.thueringen.freidenker.org\/index.php\/wp-json\/wp\/v2\/categories?post=2370"},{"taxonomy":"post_tag","embeddable":true,"href":"https:\/\/www.thueringen.freidenker.org\/index.php\/wp-json\/wp\/v2\/tags?post=2370"}],"curies":[{"name":"wp","href":"https:\/\/api.w.org\/{rel}","templated":true}]}}