{"id":2364,"date":"2026-04-28T20:00:52","date_gmt":"2026-04-28T18:00:52","guid":{"rendered":"https:\/\/www.thueringen.freidenker.org\/?p=2364"},"modified":"2026-04-28T20:00:52","modified_gmt":"2026-04-28T18:00:52","slug":"unternehmen-barbarosssa","status":"publish","type":"post","link":"https:\/\/www.thueringen.freidenker.org\/index.php\/2026\/04\/28\/unternehmen-barbarosssa\/","title":{"rendered":"Unternehmen Barbarosssa"},"content":{"rendered":"<p>Mit dem wortbr\u00fcchigen , r\u00e4uberischen \u00dcberfall auf die Sowjetunion am 22. Juni 1941- getarnt als \u201e Unternehmen Barbarossa \u201e erreichte die faschistische Aggression ihren Gipfelpunkt. Dieser Krieg war von Anfang an als Vernichtungskrieg geplant und forderte mindestens 27 Millionen Menschenleben auf der Seite der Verteidiger ihrer Heimat , der Sowjetunion \u2013 den Befreiern vom Hitlerfaschismus .<\/p>\n<p>Der Gro\u00dfe Vaterl\u00e4ndische Krieg begann am 22. Juni 1941 und endete mit dem Sieg \u00fcber den Hitlerfaschismus am 08.\/ 09. Mai 1945 .<\/p>\n<p>Wir wollen daran erinnern und der Opfer , der tapferen K\u00e4mpfer , der Helfer im Hinterland , der Partisanen \u2013 also allen, die am Sieg beteiligt waren ,\u00a0 gedenken .<\/p>\n<p>Einladung zur Gedenkfeier<\/p>\n<p>&nbsp;<\/p>\n<p>Der \u201e RotFuchs \u201e \u2013 F\u00f6rderverein e.V. Gera \u2013 Altenburg und der Landesvorstand Th\u00fcringen des Deutschen Freidenker Verbandes Th\u00fcringen laden ein zu einem feierlichen Gedenken<\/p>\n<p>&nbsp;<\/p>\n<p><img data-recalc-dims=\"1\" loading=\"lazy\" decoding=\"async\" data-attachment-id=\"2365\" data-permalink=\"https:\/\/www.thueringen.freidenker.org\/index.php\/2026\/04\/28\/unternehmen-barbarosssa\/screenshot_20260428-1922502\/\" data-orig-file=\"https:\/\/i0.wp.com\/www.thueringen.freidenker.org\/cms\/wp-content\/uploads\/2026\/04\/Screenshot_20260428-1922502.jpg?fit=864%2C1333&amp;ssl=1\" data-orig-size=\"864,1333\" data-comments-opened=\"0\" data-image-meta=\"{&quot;aperture&quot;:&quot;0&quot;,&quot;credit&quot;:&quot;&quot;,&quot;camera&quot;:&quot;&quot;,&quot;caption&quot;:&quot;&quot;,&quot;created_timestamp&quot;:&quot;0&quot;,&quot;copyright&quot;:&quot;&quot;,&quot;focal_length&quot;:&quot;0&quot;,&quot;iso&quot;:&quot;0&quot;,&quot;shutter_speed&quot;:&quot;0&quot;,&quot;title&quot;:&quot;&quot;,&quot;orientation&quot;:&quot;0&quot;}\" data-image-title=\"Screenshot_20260428-192250~2\" data-image-description=\"\" data-image-caption=\"\" data-large-file=\"https:\/\/i0.wp.com\/www.thueringen.freidenker.org\/cms\/wp-content\/uploads\/2026\/04\/Screenshot_20260428-1922502.jpg?fit=664%2C1024&amp;ssl=1\" class=\"wp-image-2365 alignright\" src=\"https:\/\/i0.wp.com\/www.thueringen.freidenker.org\/cms\/wp-content\/uploads\/2026\/04\/Screenshot_20260428-1922502.jpg?resize=326%2C504&#038;ssl=1\" alt=\"\" width=\"326\" height=\"504\" srcset=\"https:\/\/i0.wp.com\/www.thueringen.freidenker.org\/cms\/wp-content\/uploads\/2026\/04\/Screenshot_20260428-1922502.jpg?resize=194%2C300&amp;ssl=1 194w, https:\/\/i0.wp.com\/www.thueringen.freidenker.org\/cms\/wp-content\/uploads\/2026\/04\/Screenshot_20260428-1922502.jpg?resize=664%2C1024&amp;ssl=1 664w, https:\/\/i0.wp.com\/www.thueringen.freidenker.org\/cms\/wp-content\/uploads\/2026\/04\/Screenshot_20260428-1922502.jpg?resize=768%2C1185&amp;ssl=1 768w, https:\/\/i0.wp.com\/www.thueringen.freidenker.org\/cms\/wp-content\/uploads\/2026\/04\/Screenshot_20260428-1922502.jpg?w=864&amp;ssl=1 864w\" sizes=\"auto, (max-width: 326px) 100vw, 326px\" \/>\u00a0\u00a0\u00a0\u00a0\u00a0\u00a0\u00a0\u00a0\u00a0\u00a0\u00a0\u00a0\u00a0\u00a0\u00a0\u00a0\u00a0\u00a0\u00a0\u00a0\u00a0\u00a0\u00a0\u00a0\u00a0\u00a0\u00a0\u00a0\u00a0\u00a0\u00a0\u00a0\u00a0\u00a0\u00a0\u00a0\u00a0\u00a0\u00a0\u00a0\u00a0\u00a0\u00a0\u00a0\u00a0\u00a0\u00a0\u00a0\u00a0\u00a0\u00a0\u00a0\u00a0\u00a0\u00a0\u00a0\u00a0\u00a0\u00a0\u00a0\u00a0\u00a0\u00a0\u00a0\u00a0 Datum : 21. Juni 2026<\/p>\n<p>Uhrzeit : 11.00 Uhr<\/p>\n<p>Ort :\u00a0\u00a0\u00a0\u00a0\u00a0\u00a0 07546 Gera<\/p>\n<p>Friedhofstrasse 19 \u2013 Ostfriedhof<\/p>\n<p>&nbsp;<\/p>\n<p>Mit freundlichen Gr\u00fc\u00dfen<\/p>\n<p>Heike Cienskowski \u2013 Vorsitzende des Landesvorstandes Th\u00fcringen des Deutschen Freidenker Verbandes e.V.<\/p>\n<p>Monika Gottwald \u2013 \u201e RotFuchs\u201c -F\u00f6rderverein e.V. Gera-Altenburg<\/p>\n","protected":false},"excerpt":{"rendered":"<p>Mit dem wortbr\u00fcchigen , r\u00e4uberischen \u00dcberfall auf die Sowjetunion am 22. Juni 1941- getarnt als \u201e Unternehmen Barbarossa \u201e erreichte die faschistische Aggression ihren Gipfelpunkt. Dieser Krieg war von Anfang an als Vernichtungskrieg geplant und forderte mindestens 27 Millionen Menschenleben auf der Seite der Verteidiger ihrer Heimat , der Sowjetunion \u2013 den Befreiern vom Hitlerfaschismus [&hellip;]<\/p>\n","protected":false},"author":6,"featured_media":0,"comment_status":"closed","ping_status":"closed","sticky":false,"template":"","format":"standard","meta":{"jetpack_post_was_ever_published":false,"_jetpack_newsletter_access":"","_jetpack_dont_email_post_to_subs":false,"_jetpack_newsletter_tier_id":0,"_jetpack_memberships_contains_paywalled_content":false,"_jetpack_memberships_contains_paid_content":false,"footnotes":""},"categories":[16,17,6,11],"tags":[],"class_list":["post-2364","post","type-post","status-publish","format-standard","hentry","category-aktuelles","category-archiv","category-dfv-thueringen","category-veranstaltungen-und-termine"],"jetpack_featured_media_url":"","jetpack_shortlink":"https:\/\/wp.me\/p7cwsB-C8","jetpack-related-posts":[{"id":2051,"url":"https:\/\/www.thueringen.freidenker.org\/index.php\/2024\/05\/10\/8-mai-tag-der-befreiung-vom-hitlerfaschismus\/","url_meta":{"origin":2364,"position":0},"title":"8.Mai &#8211; Tag der Befreiung vom Hitlerfaschismus","author":"Webredaktion DFV Greiz","date":"10. Mai 2024","format":false,"excerpt":"Am 08.Mai 2024\u00a0 , dem 79. Jahrestag der Befreiung vom Hitlerfaschismus , trafen sich am Ehrenmal auf dem Alten Friedhof in Greiz Mitglieder des Deutschen Freidenker Verbandes , Mitglieder der Partei Die Linke sowie weitere interessierte B\u00fcrger , um an die Befreiung vom Hitlerfaschismus durch die Alliierten zu erinnern. Als\u2026","rel":"","context":"In &quot;Aktuelles&quot;","block_context":{"text":"Aktuelles","link":"https:\/\/www.thueringen.freidenker.org\/index.php\/category\/aktuelles\/"},"img":{"alt_text":"","src":"https:\/\/i0.wp.com\/www.thueringen.freidenker.org\/cms\/wp-content\/uploads\/2024\/05\/P1200852-scaled.jpg?resize=350%2C200&ssl=1","width":350,"height":200,"srcset":"https:\/\/i0.wp.com\/www.thueringen.freidenker.org\/cms\/wp-content\/uploads\/2024\/05\/P1200852-scaled.jpg?resize=350%2C200&ssl=1 1x, https:\/\/i0.wp.com\/www.thueringen.freidenker.org\/cms\/wp-content\/uploads\/2024\/05\/P1200852-scaled.jpg?resize=525%2C300&ssl=1 1.5x, https:\/\/i0.wp.com\/www.thueringen.freidenker.org\/cms\/wp-content\/uploads\/2024\/05\/P1200852-scaled.jpg?resize=700%2C400&ssl=1 2x, https:\/\/i0.wp.com\/www.thueringen.freidenker.org\/cms\/wp-content\/uploads\/2024\/05\/P1200852-scaled.jpg?resize=1050%2C600&ssl=1 3x, https:\/\/i0.wp.com\/www.thueringen.freidenker.org\/cms\/wp-content\/uploads\/2024\/05\/P1200852-scaled.jpg?resize=1400%2C800&ssl=1 4x"},"classes":[]},{"id":2213,"url":"https:\/\/www.thueringen.freidenker.org\/index.php\/2025\/04\/22\/8-mai-tag-der-befreiung-vom-hitlerfaschismus-2\/","url_meta":{"origin":2364,"position":1},"title":"8.Mai Tag der Befreiung vom Hitlerfaschismus","author":"Webredaktion","date":"22. April 2025","format":false,"excerpt":"\u00a0\u00a0\u00a0\u00a0\u00a0\u00a0\u00a0\u00a0\u00a0\u00a0\u00a0\u00a0\u00a0\u00a0\u00a0\u00a0\u00a0\u00a0\u00a0\u00a0\u00a0\u00a0\u00a0\u00a0\u00a0\u00a0\u00a0\u00a0\u00a0\u00a0\u00a0\u00a0\u00a0\u00a0\u00a0\u00a0\u00a0\u00a0\u00a0\u00a0\u00a0\u00a0\u00a0 \u00a0\u00a0\u00a0\u00a0\u00a0\u00a0\u00a0\u00a0\u00a0\u00a0\u00a0\u00a0\u00a0\u00a0\u00a0\u00a0\u00a0\u00a0 DFV\u00a0 Kreisverband Greiz \u00a0 Kranzniederlegung zum 80.Jahrestag der Befreiung vom Faschismus Die Befreiung vom Faschismus durch die Alliierten der Anti-Hitler-Koalition und die Kr\u00e4fte der internationalen Widerstands\u00adorganisationen j\u00e4hrt sich am 8.5.2025 zum 80. Mal. Millionenfacher Mord und Terror fanden ein Ende. Um die Wiederholung der faschistischen Barbarei zu verhindern,\u2026","rel":"","context":"In &quot;Aktuelles&quot;","block_context":{"text":"Aktuelles","link":"https:\/\/www.thueringen.freidenker.org\/index.php\/category\/aktuelles\/"},"img":{"alt_text":"","src":"","width":0,"height":0},"classes":[]},{"id":2225,"url":"https:\/\/www.thueringen.freidenker.org\/index.php\/2025\/05\/11\/gedenkfeier-zum-80-jahrestag-der-befreiung-vom-hitlerfaschismus-durch-die-rote-armee-und-der-westlichen-alliierten\/","url_meta":{"origin":2364,"position":2},"title":"Gedenkfeier zum 80. Jahrestag der Befreiung vom Hitlerfaschismus durch die Rote Armee und der westlichen Alliierten","author":"Webredaktion","date":"11. Mai 2025","format":false,"excerpt":"Der Kreisverband Greiz des Deutschen Freidenker Verbandes f\u00fchrte am 08.Mai 2025\u00a0 eine Gedenkfeier anl\u00e4sslich des 80. Jahrestages der Befreiung vom Hitlerfaschismus auf dem alten Friedhof am Obelisk durch. Eingeladen waren der Greizer B\u00fcrgermeister, Vertreter des Generalkonsulates der USA , der Ministerpr\u00e4sident von Th\u00fcringen .Alle Drei lie\u00dfen sich entschuldigen. Der Landrat\u2026","rel":"","context":"In &quot;Aktuelles&quot;","block_context":{"text":"Aktuelles","link":"https:\/\/www.thueringen.freidenker.org\/index.php\/category\/aktuelles\/"},"img":{"alt_text":"","src":"https:\/\/i0.wp.com\/www.thueringen.freidenker.org\/cms\/wp-content\/uploads\/2025\/05\/IMG-20250511-WA0001-300x169.jpg?resize=350%2C200&ssl=1","width":350,"height":200},"classes":[]},{"id":2372,"url":"https:\/\/www.thueringen.freidenker.org\/index.php\/2026\/04\/28\/konferenz-2026\/","url_meta":{"origin":2364,"position":3},"title":"Konferenz 2026","author":"Webredaktion","date":"28. April 2026","format":false,"excerpt":"EINLADUNG Der Landesverband Th\u00fcringen des Deutschen Freidenker Verbandes l\u00e4dt zu einer Vortragsveranstaltung ein. Thema : 80 Jahre Gr\u00fcndung der SED \u2013 70 Jahre Verbot der KPD in der BRD Referenten : - Dr. Steffen Kachel: Zur Geschichte der SPD und KPD in Th\u00fcringen und ihre Lehre f\u00fcr heute - Thomas\u2026","rel":"","context":"In &quot;Archiv&quot;","block_context":{"text":"Archiv","link":"https:\/\/www.thueringen.freidenker.org\/index.php\/category\/dfv-thueringen\/archiv\/"},"img":{"alt_text":"","src":"","width":0,"height":0},"classes":[]},{"id":2303,"url":"https:\/\/www.thueringen.freidenker.org\/index.php\/2025\/10\/19\/konferenz-des-landesverbandes-thueringen-des-deutschen-freidenker-verbandes-am-27-09-2025\/","url_meta":{"origin":2364,"position":4},"title":"Konferenz des Landesverbandes Th\u00fcringen des Deutschen Freidenker Verbandes am 27.09.2025","author":"Webredaktion","date":"19. Oktober 2025","format":false,"excerpt":"Die Konferenz wurde , wie geplant, am 27.09.2025 unter der \u00dcberschrift \" 80 Jahre Sieg \u00fcber den Hitlerfaschismus - was kam danach \" durchgef\u00fchrt . Es nahmen B\u00fcrger , die unterschiedlichen Parteien und Organisationen angeh\u00f6ren , sowie B\u00fcrger, die keiner Partei oder Organisation angeh\u00f6ren teil. Das einleitende Referat zum Thema\u2026","rel":"","context":"In &quot;Aktuelles&quot;","block_context":{"text":"Aktuelles","link":"https:\/\/www.thueringen.freidenker.org\/index.php\/category\/aktuelles\/"},"img":{"alt_text":"","src":"https:\/\/i0.wp.com\/www.thueringen.freidenker.org\/cms\/wp-content\/uploads\/2025\/10\/5e505077-ca1c-46ec-bb2e-07c2d89cd1b81-300x225.jpg?resize=350%2C200&ssl=1","width":350,"height":200},"classes":[]},{"id":2155,"url":"https:\/\/www.thueringen.freidenker.org\/index.php\/2025\/04\/15\/__trashed\/","url_meta":{"origin":2364,"position":5},"title":"Gedenkfeier zum 80. Jahrestag der Selbstbefreiung des Konzentrationslager Buchenwald","author":"Webredaktion","date":"15. April 2025","format":false,"excerpt":"Gedenken anl\u00e4sslich der Selbstbefreiung des Konzentrationslagers Buchenwald \u00a0 Am 12.April 2025 , 80 Jahre nach der Selbstbefreiung des Konzentrationslagers Buchenwald durch die H\u00e4ftlinge trafen sich am Glockenturm fortschrittliche B\u00fcrger aus verschiedenen Bundesl\u00e4ndern der BRD , um die gro\u00dfe Leistung der H\u00e4ftlinge zu w\u00fcrdigen. In den \u00d6ffentlich Rechtlichen Medien wird das\u2026","rel":"","context":"In &quot;Aktuelles&quot;","block_context":{"text":"Aktuelles","link":"https:\/\/www.thueringen.freidenker.org\/index.php\/category\/aktuelles\/"},"img":{"alt_text":"","src":"https:\/\/i0.wp.com\/www.thueringen.freidenker.org\/cms\/wp-content\/uploads\/2025\/04\/IMG-20250412-WA0020-1-276x300.jpg?resize=350%2C200&ssl=1","width":350,"height":200},"classes":[]}],"jetpack_sharing_enabled":true,"_links":{"self":[{"href":"https:\/\/www.thueringen.freidenker.org\/index.php\/wp-json\/wp\/v2\/posts\/2364","targetHints":{"allow":["GET"]}}],"collection":[{"href":"https:\/\/www.thueringen.freidenker.org\/index.php\/wp-json\/wp\/v2\/posts"}],"about":[{"href":"https:\/\/www.thueringen.freidenker.org\/index.php\/wp-json\/wp\/v2\/types\/post"}],"author":[{"embeddable":true,"href":"https:\/\/www.thueringen.freidenker.org\/index.php\/wp-json\/wp\/v2\/users\/6"}],"replies":[{"embeddable":true,"href":"https:\/\/www.thueringen.freidenker.org\/index.php\/wp-json\/wp\/v2\/comments?post=2364"}],"version-history":[{"count":3,"href":"https:\/\/www.thueringen.freidenker.org\/index.php\/wp-json\/wp\/v2\/posts\/2364\/revisions"}],"predecessor-version":[{"id":2377,"href":"https:\/\/www.thueringen.freidenker.org\/index.php\/wp-json\/wp\/v2\/posts\/2364\/revisions\/2377"}],"wp:attachment":[{"href":"https:\/\/www.thueringen.freidenker.org\/index.php\/wp-json\/wp\/v2\/media?parent=2364"}],"wp:term":[{"taxonomy":"category","embeddable":true,"href":"https:\/\/www.thueringen.freidenker.org\/index.php\/wp-json\/wp\/v2\/categories?post=2364"},{"taxonomy":"post_tag","embeddable":true,"href":"https:\/\/www.thueringen.freidenker.org\/index.php\/wp-json\/wp\/v2\/tags?post=2364"}],"curies":[{"name":"wp","href":"https:\/\/api.w.org\/{rel}","templated":true}]}}