{"id":1043,"date":"2020-12-23T11:31:56","date_gmt":"2020-12-23T10:31:56","guid":{"rendered":"https:\/\/www.thueringen.freidenker.org\/?p=1043"},"modified":"2022-10-16T18:06:32","modified_gmt":"2022-10-16T16:06:32","slug":"auf-dem-weg-zu-faschismus-und-folter","status":"publish","type":"post","link":"https:\/\/www.thueringen.freidenker.org\/index.php\/2020\/12\/23\/auf-dem-weg-zu-faschismus-und-folter\/","title":{"rendered":"Auf dem Weg zu Faschismus und Folter"},"content":{"rendered":"<p>Ausz\u00fcge aus dem<\/p>\n<p>BERICHT VON MONICA FELGENDREHER<\/p>\n<p>Samstag 19.12.2020, Festnahme auf dem Alexanderplatz, Berlin.<\/p>\n<p>Am 19.12. beabsichtigte ich, meine 8. Versammlung auf dem Alexanderplatz durchzuf\u00fchren. Dieses Mal wurde mein Attest mit Originalstempel und Originalunterschrift einbehalten mit dem Vorwurf, es w\u00fcrde sich um eine F\u00e4lschung handeln&#8230;.<\/p>\n<p>Mir wurde von den Beamten eine Strafe und ein Platzverweis angedroht, sollte ich keine Maske aufsetzen.<\/p>\n<p>Ich folgte den Anweisungen, drehte mich um und wollte zur Versammlungsfl\u00e4che zur\u00fcckgehen. Da stellte sich mir eine Polizeibeamtin in den Weg \u2026.<\/p>\n<p>Ich bat sie, mich bitte endlich mit den Vorbereitungen der Versammlung fortfahren zu lassen. Daraufhin sprang sie pl\u00f6tzlich und ohne Vorwarnung auf mich zu und rief: \u201eSo, Schlu\u00df jetzt, wir nehmen sie in Gewahrsam!\u201c Reflexartig hob ich meine H\u00e4nde und rief: \u201eNein, lassen sie mich!\u201c Die Beamtin und 2 weitere Kollegen packten mich und schmissen mich in einen Transporter&#8230;.<!--more--><\/p>\n<p>2 Beamtinnen kamen mit in den Transporter rein, die T\u00fcr wurde von au\u00dfen zugeschoben, die Beamtin mit den abrasierten Schl\u00e4fen boxte mich in den Oberk\u00f6rper und gemeinsam dr\u00fcckten sie mich dann mit massiver Gewalt in die kleine Zelle, die h\u00f6chstens 0,50 x 0,50 cm Fl\u00e4che ma\u00df. Ich weinte und flehte sie an, dass ich Platzangst habe und Panik bekomme. Sie reagierten nicht darauf. Meine Frage, wohin ich gebracht werden solle, wurde mir auch nicht beantwortet. Einen Anwalt durfte ich auch nicht anrufen.<br \/>\nDer Beamte Nr. 63954, der mein Attest beschlagnahmt hatte, kam in den Transporter, die zwei Beamtinnen gingen raus. Ich war mit ihm allein und flehte ihn an, dass ich unter Platzangst leide, ich erkl\u00e4rte ihm, dass ich seit dem Tod meines Kindes unter schlimmsten Alptr\u00e4umen leide und mich Angstattacken befallen. Noch w\u00e4hrend ich redete, schlo\u00df er das kleine Schiebefenster in der Zellent\u00fcr mit den Worten \u201eIch will jetzt nicht mehr mit ihnen reden\u201c, so da\u00df ich w\u00e4hrend der gesamten Fahrt in kompletter Dunkelheit ohne Frischluftzufuhr verharren mu\u00dfte.<\/p>\n<p>W\u00e4hrend der Fahrt \u00fcbergab ich mich mehrmals, machte mir vor Angst in die Hosen und hatte Aussetzer meines Bewu\u00dftseins.<\/p>\n<p>Wie mir sp\u00e4ter mitgeteilt wurde, brachten sie mich zur \u201eGefangenen-Sammelstelle\u201c.<br \/>\nIch wurde aus der Transporterzelle herausgeholt und von einer Beamtin gest\u00fctzt in die Polizeidienststelle gef\u00fchrt. Sie forderte mich auf, mich in eine Ecke zu stellen. Ich bat sie um Wasser, sie gab mir keins, obwohl eine Flasche neben ihr auf dem Tisch stand. Stattdessen forderte sie mich auf, meine H\u00e4nde, die eiskalt waren, aus den Taschen meines Mantels zu nehmen. Nach einer langen Zeit des In-der<\/p>\n<p>Ecke-stehens wurde ich aufgefordert, mich in einem Durchgangsraum erneut in die Ecke zu stellen, meine Taschen zu leeren, meinen Mantel, Schal und meine M\u00fctze abzugeben. Von einer 2. Beamtin wurde ich von oben bis unten abgetastet, auch im Intimbereich und aufgefordert, meine Schuhe auszuziehen. Von meinem Mantel wurden die Anstecker \u201eDemokratie\u201c und \u201eFriedensengel\u201c entfernt.<\/p>\n<p>Beide Beamtinnen \u00fcbergaben mich anschlie\u00dfend an 2 weitere Beamte, die mich in eine Einzelzelle brachten. Dort musste ich eine lange Zeit ausharren, bis mich schlie\u00dflich ein weiterer Beamter (57762) abholte. Er hatte den Auftrag, die erkennungsdienstliche Behandlung durchzuf\u00fchren. Mir wurden von beiden H\u00e4nden die Fingerabdr\u00fccke abgenommen, meine Gr\u00f6\u00dfe und mein Gewicht wurden gemessen. Von meinem Gesicht wurden aus 5 Perspektiven Fotos gemacht, anschlie\u00dfend musste ich mich an die Wand stellen und ein Ganzk\u00f6rperfoto wurde geschossen.<br \/>\nZwischendurch durfte ich Wasser trinken und auf die Toilette gehen. Klopapier war nicht vorhanden. Gegen 17 Uhr wurde ich entlassen.<\/p>\n<p>Der vollst\u00e4ndige\u00a0 Beitrag ist nachzulesen unter:<\/p>\n<p>Quelle:https:\/\/www.rationalgalerie.de\/home\/merkel-laesst-verhaften<\/p>\n<p>Unsere Meinung:<\/p>\n<p>Beim lesen dieses schockierenden Berichtes wurden wir an die brutalen, menschen-verachtenden Polizeimethoden &#8211; Foltermethoden &#8211; in faschistischen Diktaturen z.B. Chile unter Pinochet, Franco-Spanien, Nazifaschismus in Deutschland, erinnert!<\/p>\n<p>Es ist f\u00fcr uns unbegreiflich, dass in einem \u201eRechtsstaat\u201d eine Anwendung von psychischen und physischen Foltermethoden m\u00f6glich ist! Wir erwarten, dass brutale Vorgehen, bei dem alle Menschenrechte des Grundgesetzes und des internationalen Menscherechts mit F\u00fc\u00dfen getreten wurden, strafrechtlich verfolgt und geahndet wird!<\/p>\n<p>Die beteiligten Beamten und ihre Vorgesetzten m\u00fcssen sofort vom Dienst suspendiert , diziplinarisch zur Verantwortung gezogen und letztendlich aus der Polizei entlassen werden!!<\/p>\n<p>Mit Entsetzen<\/p>\n<p>Helga und Hermann Pulz<\/p>\n<p>FD KV Erfurt<\/p>\n","protected":false},"excerpt":{"rendered":"<p>Ausz\u00fcge aus dem BERICHT VON MONICA FELGENDREHER Samstag 19.12.2020, Festnahme auf dem Alexanderplatz, Berlin. Am 19.12. beabsichtigte ich, meine 8. Versammlung auf dem Alexanderplatz durchzuf\u00fchren. Dieses Mal wurde mein Attest mit Originalstempel und Originalunterschrift einbehalten mit dem Vorwurf, es w\u00fcrde sich um eine F\u00e4lschung handeln&#8230;. Mir wurde von den Beamten eine Strafe und ein Platzverweis [&hellip;]<\/p>\n","protected":false},"author":2,"featured_media":0,"comment_status":"closed","ping_status":"closed","sticky":false,"template":"","format":"standard","meta":{"jetpack_post_was_ever_published":false,"_jetpack_newsletter_access":"","_jetpack_dont_email_post_to_subs":false,"_jetpack_newsletter_tier_id":0,"_jetpack_memberships_contains_paywalled_content":false,"_jetpack_memberships_contains_paid_content":false,"footnotes":""},"categories":[8],"tags":[],"class_list":["post-1043","post","type-post","status-publish","format-standard","hentry","category-dfv-erfurt"],"jetpack_featured_media_url":"","jetpack_shortlink":"https:\/\/wp.me\/p7cwsB-gP","jetpack-related-posts":[{"id":1678,"url":"https:\/\/www.thueringen.freidenker.org\/index.php\/2023\/09\/14\/ernst-thaelmann-gedenken-in-weimar-und-buchenwald\/","url_meta":{"origin":1043,"position":0},"title":"Ernst Th\u00e4lmann \u2013 Gedenken in Weimar und Buchenwald","author":"Webredaktion DFV Greiz","date":"14. September 2023","format":false,"excerpt":"Am 18.August 2023 trafen sich 11.00 Uhr Genossinnen und Genossen des Deutschen Freidenker Verbandes , der KPD, der DKP, der KPF, des RFB und weitere Th\u00e4lmann-Freunde am Ernst Th\u00e4lmann- Denkmal in Weimar um an den bestialischen und hinterh\u00e4ltigen Mord an dem Genossen Ernst Th\u00e4lmann , ver\u00fcbt durch faschistische M\u00f6rder, zu\u2026","rel":"","context":"In &quot;Archiv&quot;","block_context":{"text":"Archiv","link":"https:\/\/www.thueringen.freidenker.org\/index.php\/category\/dfv-thueringen\/archiv\/"},"img":{"alt_text":"","src":"https:\/\/i0.wp.com\/www.thueringen.freidenker.org\/cms\/wp-content\/uploads\/2023\/09\/IMG-20230818-WA0006c-300x225.jpg?resize=350%2C200&ssl=1","width":350,"height":200},"classes":[]},{"id":912,"url":"https:\/\/www.thueringen.freidenker.org\/index.php\/2019\/09\/26\/goodbye-sigmund-jaehn\/","url_meta":{"origin":1043,"position":1},"title":"Goodbye, Sigmund J\u00e4hn","author":"Webredaktion DFV Jena","date":"26. September 2019","format":false,"excerpt":"Goodbye Sigmund J\u00e4hn, ich habe dich nicht (wirklich) gekannt, auch wenn ich dir bei deinem Besuch im Zeiss-Kombinat, von dem die Multispektral-Kamera f\u00fcr deine Rakete stammte, begeistert zugejubelt hatte. Vielleicht erinnerst du dich, ich stand in Reihe zehn. Der Junge mit den Pickeln, f\u00fcr den du viel mehr warst als\u2026","rel":"","context":"In &quot;Allgemeines&quot;","block_context":{"text":"Allgemeines","link":"https:\/\/www.thueringen.freidenker.org\/index.php\/category\/allgemein\/"},"img":{"alt_text":"","src":"","width":0,"height":0},"classes":[]},{"id":2155,"url":"https:\/\/www.thueringen.freidenker.org\/index.php\/2025\/04\/15\/__trashed\/","url_meta":{"origin":1043,"position":2},"title":"Gedenkfeier zum 80. Jahrestag der Selbstbefreiung des Konzentrationslager Buchenwald","author":"Webredaktion","date":"15. April 2025","format":false,"excerpt":"Gedenken anl\u00e4sslich der Selbstbefreiung des Konzentrationslagers Buchenwald \u00a0 Am 12.April 2025 , 80 Jahre nach der Selbstbefreiung des Konzentrationslagers Buchenwald durch die H\u00e4ftlinge trafen sich am Glockenturm fortschrittliche B\u00fcrger aus verschiedenen Bundesl\u00e4ndern der BRD , um die gro\u00dfe Leistung der H\u00e4ftlinge zu w\u00fcrdigen. In den \u00d6ffentlich Rechtlichen Medien wird das\u2026","rel":"","context":"In &quot;Aktuelles&quot;","block_context":{"text":"Aktuelles","link":"https:\/\/www.thueringen.freidenker.org\/index.php\/category\/aktuelles\/"},"img":{"alt_text":"","src":"https:\/\/i0.wp.com\/www.thueringen.freidenker.org\/cms\/wp-content\/uploads\/2025\/04\/IMG-20250412-WA0020-1-276x300.jpg?resize=350%2C200&ssl=1","width":350,"height":200},"classes":[]},{"id":2303,"url":"https:\/\/www.thueringen.freidenker.org\/index.php\/2025\/10\/19\/konferenz-des-landesverbandes-thueringen-des-deutschen-freidenker-verbandes-am-27-09-2025\/","url_meta":{"origin":1043,"position":3},"title":"Konferenz des Landesverbandes Th\u00fcringen des Deutschen Freidenker Verbandes am 27.09.2025","author":"Webredaktion","date":"19. Oktober 2025","format":false,"excerpt":"Die Konferenz wurde , wie geplant, am 27.09.2025 unter der \u00dcberschrift \" 80 Jahre Sieg \u00fcber den Hitlerfaschismus - was kam danach \" durchgef\u00fchrt . Es nahmen B\u00fcrger , die unterschiedlichen Parteien und Organisationen angeh\u00f6ren , sowie B\u00fcrger, die keiner Partei oder Organisation angeh\u00f6ren teil. Das einleitende Referat zum Thema\u2026","rel":"","context":"In &quot;Aktuelles&quot;","block_context":{"text":"Aktuelles","link":"https:\/\/www.thueringen.freidenker.org\/index.php\/category\/aktuelles\/"},"img":{"alt_text":"","src":"https:\/\/i0.wp.com\/www.thueringen.freidenker.org\/cms\/wp-content\/uploads\/2025\/10\/5e505077-ca1c-46ec-bb2e-07c2d89cd1b81-300x225.jpg?resize=350%2C200&ssl=1","width":350,"height":200},"classes":[]},{"id":1689,"url":"https:\/\/www.thueringen.freidenker.org\/index.php\/2023\/09\/14\/internationales-antifaschistisches-riesengebirgstreffen-vom-01-09-03-09-2023-in-trutnov-mala-upa\/","url_meta":{"origin":1043,"position":4},"title":"Internationales Antifaschistisches Riesengebirgstreffen vom 01.09. \u2013 03.09.2023 in Trutnov &#8211; Mala Upa","author":"Webredaktion DFV Greiz","date":"14. September 2023","format":false,"excerpt":"Auch in diesem Jahr trafen sich Friedensfreunde aus mehreren L\u00e4ndern in Trutnov- Mala Upa, um an die internationale proletarische Solidarit\u00e4t und Zusammenarbeit zu erinnern. Nat\u00fcrlich waren auch Freidenker wieder dabei. Im September 1922 trafen sich erstmals tschechische und deutsche Kommunisten, um gemeinsam \u00fcber den Kampf gegen kapitalistische Ausbeutung und die\u2026","rel":"","context":"In &quot;Archiv&quot;","block_context":{"text":"Archiv","link":"https:\/\/www.thueringen.freidenker.org\/index.php\/category\/dfv-thueringen\/archiv\/"},"img":{"alt_text":"","src":"https:\/\/i0.wp.com\/www.thueringen.freidenker.org\/cms\/wp-content\/uploads\/2023\/09\/P1200561b-300x225.jpg?resize=350%2C200&ssl=1","width":350,"height":200},"classes":[]},{"id":1086,"url":"https:\/\/www.thueringen.freidenker.org\/index.php\/2021\/05\/07\/corona-tribunal\/","url_meta":{"origin":1043,"position":5},"title":"Corona-Tribunal","author":"Webredaktion DFV Erfurt","date":"7. Mai 2021","format":false,"excerpt":"Bezogen auf die Aussage im Artikel von Klaus Hartmann vom 21.04.2021 \u201cSchaut man sich das monatelange Schauspiel des Corona-Kabaretts an, dr\u00e4ngt sich der Gedanke auf: Die eigentliche Gefahr ist diese Truppe, sie m\u00fcsste ausgebremst, ihr m\u00fcsste das Handwerk gelegt werden.\u201c Im Zusammenhang mit den vielf\u00e4ltigen und ungeheuerlichen Verletzungen des Grundgesetzes\u2026","rel":"","context":"In &quot;DFV Erfurt&quot;","block_context":{"text":"DFV Erfurt","link":"https:\/\/www.thueringen.freidenker.org\/index.php\/category\/dfv-thueringen\/dfv-erfurt\/"},"img":{"alt_text":"","src":"","width":0,"height":0},"classes":[]}],"jetpack_sharing_enabled":true,"_links":{"self":[{"href":"https:\/\/www.thueringen.freidenker.org\/index.php\/wp-json\/wp\/v2\/posts\/1043","targetHints":{"allow":["GET"]}}],"collection":[{"href":"https:\/\/www.thueringen.freidenker.org\/index.php\/wp-json\/wp\/v2\/posts"}],"about":[{"href":"https:\/\/www.thueringen.freidenker.org\/index.php\/wp-json\/wp\/v2\/types\/post"}],"author":[{"embeddable":true,"href":"https:\/\/www.thueringen.freidenker.org\/index.php\/wp-json\/wp\/v2\/users\/2"}],"replies":[{"embeddable":true,"href":"https:\/\/www.thueringen.freidenker.org\/index.php\/wp-json\/wp\/v2\/comments?post=1043"}],"version-history":[{"count":3,"href":"https:\/\/www.thueringen.freidenker.org\/index.php\/wp-json\/wp\/v2\/posts\/1043\/revisions"}],"predecessor-version":[{"id":1327,"href":"https:\/\/www.thueringen.freidenker.org\/index.php\/wp-json\/wp\/v2\/posts\/1043\/revisions\/1327"}],"wp:attachment":[{"href":"https:\/\/www.thueringen.freidenker.org\/index.php\/wp-json\/wp\/v2\/media?parent=1043"}],"wp:term":[{"taxonomy":"category","embeddable":true,"href":"https:\/\/www.thueringen.freidenker.org\/index.php\/wp-json\/wp\/v2\/categories?post=1043"},{"taxonomy":"post_tag","embeddable":true,"href":"https:\/\/www.thueringen.freidenker.org\/index.php\/wp-json\/wp\/v2\/tags?post=1043"}],"curies":[{"name":"wp","href":"https:\/\/api.w.org\/{rel}","templated":true}]}}